{"id":3992,"date":"2022-04-20T09:56:00","date_gmt":"2022-04-20T07:56:00","guid":{"rendered":"https:\/\/rettet-das-rosental.de\/?p=3992"},"modified":"2022-05-02T10:30:46","modified_gmt":"2022-05-02T08:30:46","slug":"info-aktion-am-aurelis-areal","status":"publish","type":"post","link":"https:\/\/rettet-das-rosental.de\/index.php\/2022\/04\/20\/info-aktion-am-aurelis-areal\/","title":{"rendered":"Info-Aktion am Aurelis-Areal"},"content":{"rendered":"\n<p>Bei der Vaihinger Radb\u00f6rse hat die Stadt Anfang April an einem eigenen Infostand die bisherigen Ergebnisse im B\u00fcrgerbeteiligungsverfahren zur k\u00fcnftigen Gestaltung des Aurelis-Areals pr\u00e4sentiert. Da eine der Planungsvarianten auch die riesige oberirdische Station f\u00fcr die Seilbahn ber\u00fccksichtigt, haben aktive Mitglieder der B\u00fcrgerinitiative die Gelegenheit genutzt und die Besucherinnen und Besucher vor Ort \u00fcber das umstrittene Projekt informiert. Erfreulicherweise konnten durch intensive Gespr\u00e4che und unsere Flyer auch an diesem Tag wieder zahlreiche neue Unterst\u00fctzerinnen und Unterst\u00fctzer gewonnen und noch mehr Menschen f\u00fcr das Thema sensibilisiert werden. <\/p>\n\n\n\n<p class=\"has-text-align-right\"><em>Foto: \u00a9 Klingenstein<\/em><\/p>\n","protected":false},"excerpt":{"rendered":"<p>Bei der Vaihinger Radb\u00f6rse hat die Stadt Anfang April an einem eigenen Infostand die bisherigen Ergebnisse im B\u00fcrgerbeteiligungsverfahren zur k\u00fcnftigen Gestaltung des Aurelis-Areals pr\u00e4sentiert. Da eine der Planungsvarianten auch die riesige oberirdische Station f\u00fcr die Seilbahn ber\u00fccksichtigt, haben aktive Mitglieder der B\u00fcrgerinitiative die Gelegenheit genutzt und die Besucherinnen und Besucher vor Ort \u00fcber das umstrittene [&hellip;]<\/p>\n","protected":false},"author":1,"featured_media":4002,"comment_status":"closed","ping_status":"closed","sticky":false,"template":"","format":"standard","meta":{"footnotes":""},"categories":[1],"tags":[],"class_list":["post-3992","post","type-post","status-publish","format-standard","has-post-thumbnail","hentry","category-allgemein"],"yoast_head":"<!-- This site is optimized with the Yoast SEO plugin v26.7 - https:\/\/yoast.com\/wordpress\/plugins\/seo\/ -->\n<title>Info-Aktion am Aurelis-Areal - Rettet das Rosental<\/title>\n<meta name=\"robots\" content=\"noindex, follow\" \/>\n<meta property=\"og:locale\" content=\"de_DE\" \/>\n<meta property=\"og:type\" content=\"article\" \/>\n<meta property=\"og:title\" content=\"Info-Aktion am Aurelis-Areal - Rettet das Rosental\" \/>\n<meta property=\"og:description\" content=\"Bei der Vaihinger Radb\u00f6rse hat die Stadt Anfang April an einem eigenen Infostand die bisherigen Ergebnisse im B\u00fcrgerbeteiligungsverfahren zur k\u00fcnftigen Gestaltung des Aurelis-Areals pr\u00e4sentiert. Da eine der Planungsvarianten auch die riesige oberirdische Station f\u00fcr die Seilbahn ber\u00fccksichtigt, haben aktive Mitglieder der B\u00fcrgerinitiative die Gelegenheit genutzt und die Besucherinnen und Besucher vor Ort \u00fcber das umstrittene [&hellip;]\" \/>\n<meta property=\"og:url\" content=\"https:\/\/rettet-das-rosental.de\/index.php\/2022\/04\/20\/info-aktion-am-aurelis-areal\/\" \/>\n<meta property=\"og:site_name\" content=\"Rettet das Rosental\" \/>\n<meta property=\"article:published_time\" content=\"2022-04-20T07:56:00+00:00\" \/>\n<meta property=\"article:modified_time\" content=\"2022-05-02T08:30:46+00:00\" \/>\n<meta property=\"og:image\" content=\"https:\/\/rettet-das-rosental.de\/wp-content\/uploads\/2022\/05\/20220409_Flyeraktion-scaled-e1651480233710.jpg\" \/>\n\t<meta property=\"og:image:width\" content=\"2560\" \/>\n\t<meta property=\"og:image:height\" content=\"896\" \/>\n\t<meta property=\"og:image:type\" content=\"image\/jpeg\" \/>\n<meta name=\"author\" content=\"rdrwebadm\" \/>\n<meta name=\"twitter:card\" content=\"summary_large_image\" \/>\n<meta name=\"twitter:label1\" content=\"Verfasst von\" \/>\n\t<meta name=\"twitter:data1\" content=\"rdrwebadm\" \/>\n\t<meta name=\"twitter:label2\" content=\"Gesch\u00e4tzte Lesezeit\" \/>\n\t<meta name=\"twitter:data2\" content=\"1\u00a0Minute\" \/>\n<script type=\"application\/ld+json\" class=\"yoast-schema-graph\">{\"@context\":\"https:\/\/schema.org\",\"@graph\":[{\"@type\":\"Article\",\"@id\":\"https:\/\/rettet-das-rosental.de\/index.php\/2022\/04\/20\/info-aktion-am-aurelis-areal\/#article\",\"isPartOf\":{\"@id\":\"https:\/\/rettet-das-rosental.de\/index.php\/2022\/04\/20\/info-aktion-am-aurelis-areal\/\"},\"author\":{\"name\":\"rdrwebadm\",\"@id\":\"https:\/\/rettet-das-rosental.de\/#\/schema\/person\/7d3f53573efcb2ae1b370771f986dadb\"},\"headline\":\"Info-Aktion am Aurelis-Areal\",\"datePublished\":\"2022-04-20T07:56:00+00:00\",\"dateModified\":\"2022-05-02T08:30:46+00:00\",\"mainEntityOfPage\":{\"@id\":\"https:\/\/rettet-das-rosental.de\/index.php\/2022\/04\/20\/info-aktion-am-aurelis-areal\/\"},\"wordCount\":101,\"publisher\":{\"@id\":\"https:\/\/rettet-das-rosental.de\/#organization\"},\"image\":{\"@id\":\"https:\/\/rettet-das-rosental.de\/index.php\/2022\/04\/20\/info-aktion-am-aurelis-areal\/#primaryimage\"},\"thumbnailUrl\":\"https:\/\/rettet-das-rosental.de\/wp-content\/uploads\/2022\/05\/20220409_Flyeraktion-scaled-e1651480233710.jpg\",\"inLanguage\":\"de\"},{\"@type\":\"WebPage\",\"@id\":\"https:\/\/rettet-das-rosental.de\/index.php\/2022\/04\/20\/info-aktion-am-aurelis-areal\/\",\"url\":\"https:\/\/rettet-das-rosental.de\/index.php\/2022\/04\/20\/info-aktion-am-aurelis-areal\/\",\"name\":\"Info-Aktion am Aurelis-Areal - Rettet das Rosental\",\"isPartOf\":{\"@id\":\"https:\/\/rettet-das-rosental.de\/#website\"},\"primaryImageOfPage\":{\"@id\":\"https:\/\/rettet-das-rosental.de\/index.php\/2022\/04\/20\/info-aktion-am-aurelis-areal\/#primaryimage\"},\"image\":{\"@id\":\"https:\/\/rettet-das-rosental.de\/index.php\/2022\/04\/20\/info-aktion-am-aurelis-areal\/#primaryimage\"},\"thumbnailUrl\":\"https:\/\/rettet-das-rosental.de\/wp-content\/uploads\/2022\/05\/20220409_Flyeraktion-scaled-e1651480233710.jpg\",\"datePublished\":\"2022-04-20T07:56:00+00:00\",\"dateModified\":\"2022-05-02T08:30:46+00:00\",\"breadcrumb\":{\"@id\":\"https:\/\/rettet-das-rosental.de\/index.php\/2022\/04\/20\/info-aktion-am-aurelis-areal\/#breadcrumb\"},\"inLanguage\":\"de\",\"potentialAction\":[{\"@type\":\"ReadAction\",\"target\":[\"https:\/\/rettet-das-rosental.de\/index.php\/2022\/04\/20\/info-aktion-am-aurelis-areal\/\"]}]},{\"@type\":\"ImageObject\",\"inLanguage\":\"de\",\"@id\":\"https:\/\/rettet-das-rosental.de\/index.php\/2022\/04\/20\/info-aktion-am-aurelis-areal\/#primaryimage\",\"url\":\"https:\/\/rettet-das-rosental.de\/wp-content\/uploads\/2022\/05\/20220409_Flyeraktion-scaled-e1651480233710.jpg\",\"contentUrl\":\"https:\/\/rettet-das-rosental.de\/wp-content\/uploads\/2022\/05\/20220409_Flyeraktion-scaled-e1651480233710.jpg\",\"width\":2560,\"height\":896},{\"@type\":\"BreadcrumbList\",\"@id\":\"https:\/\/rettet-das-rosental.de\/index.php\/2022\/04\/20\/info-aktion-am-aurelis-areal\/#breadcrumb\",\"itemListElement\":[{\"@type\":\"ListItem\",\"position\":1,\"name\":\"Startseite\",\"item\":\"https:\/\/rettet-das-rosental.de\/\"},{\"@type\":\"ListItem\",\"position\":2,\"name\":\"Info-Aktion am Aurelis-Areal\"}]},{\"@type\":\"WebSite\",\"@id\":\"https:\/\/rettet-das-rosental.de\/#website\",\"url\":\"https:\/\/rettet-das-rosental.de\/\",\"name\":\"Rettet das Rosental\",\"description\":\"B\u00fcrgerinitiative\",\"publisher\":{\"@id\":\"https:\/\/rettet-das-rosental.de\/#organization\"},\"potentialAction\":[{\"@type\":\"SearchAction\",\"target\":{\"@type\":\"EntryPoint\",\"urlTemplate\":\"https:\/\/rettet-das-rosental.de\/?s={search_term_string}\"},\"query-input\":{\"@type\":\"PropertyValueSpecification\",\"valueRequired\":true,\"valueName\":\"search_term_string\"}}],\"inLanguage\":\"de\"},{\"@type\":\"Organization\",\"@id\":\"https:\/\/rettet-das-rosental.de\/#organization\",\"name\":\"B\u00fcrgerinitiative Rettet das Rosental\",\"url\":\"https:\/\/rettet-das-rosental.de\/\",\"logo\":{\"@type\":\"ImageObject\",\"inLanguage\":\"de\",\"@id\":\"https:\/\/rettet-das-rosental.de\/#\/schema\/logo\/image\/\",\"url\":\"https:\/\/rettet-das-rosental.de\/wp-content\/uploads\/2021\/01\/Weiss_neu_Schriftzug.png\",\"contentUrl\":\"https:\/\/rettet-das-rosental.de\/wp-content\/uploads\/2021\/01\/Weiss_neu_Schriftzug.png\",\"width\":1697,\"height\":95,\"caption\":\"B\u00fcrgerinitiative Rettet das Rosental\"},\"image\":{\"@id\":\"https:\/\/rettet-das-rosental.de\/#\/schema\/logo\/image\/\"}},{\"@type\":\"Person\",\"@id\":\"https:\/\/rettet-das-rosental.de\/#\/schema\/person\/7d3f53573efcb2ae1b370771f986dadb\",\"name\":\"rdrwebadm\",\"sameAs\":[\"https:\/\/rettet-das-rosental.de\"]}]}<\/script>\n<!-- \/ Yoast SEO plugin. -->","yoast_head_json":{"title":"Info-Aktion am Aurelis-Areal - Rettet das Rosental","robots":{"index":"noindex","follow":"follow"},"og_locale":"de_DE","og_type":"article","og_title":"Info-Aktion am Aurelis-Areal - Rettet das Rosental","og_description":"Bei der Vaihinger Radb\u00f6rse hat die Stadt Anfang April an einem eigenen Infostand die bisherigen Ergebnisse im B\u00fcrgerbeteiligungsverfahren zur k\u00fcnftigen Gestaltung des Aurelis-Areals pr\u00e4sentiert. Da eine der Planungsvarianten auch die riesige oberirdische Station f\u00fcr die Seilbahn ber\u00fccksichtigt, haben aktive Mitglieder der B\u00fcrgerinitiative die Gelegenheit genutzt und die Besucherinnen und Besucher vor Ort \u00fcber das umstrittene [&hellip;]","og_url":"https:\/\/rettet-das-rosental.de\/index.php\/2022\/04\/20\/info-aktion-am-aurelis-areal\/","og_site_name":"Rettet das Rosental","article_published_time":"2022-04-20T07:56:00+00:00","article_modified_time":"2022-05-02T08:30:46+00:00","og_image":[{"width":2560,"height":896,"url":"https:\/\/rettet-das-rosental.de\/wp-content\/uploads\/2022\/05\/20220409_Flyeraktion-scaled-e1651480233710.jpg","type":"image\/jpeg"}],"author":"rdrwebadm","twitter_card":"summary_large_image","twitter_misc":{"Verfasst von":"rdrwebadm","Gesch\u00e4tzte Lesezeit":"1\u00a0Minute"},"schema":{"@context":"https:\/\/schema.org","@graph":[{"@type":"Article","@id":"https:\/\/rettet-das-rosental.de\/index.php\/2022\/04\/20\/info-aktion-am-aurelis-areal\/#article","isPartOf":{"@id":"https:\/\/rettet-das-rosental.de\/index.php\/2022\/04\/20\/info-aktion-am-aurelis-areal\/"},"author":{"name":"rdrwebadm","@id":"https:\/\/rettet-das-rosental.de\/#\/schema\/person\/7d3f53573efcb2ae1b370771f986dadb"},"headline":"Info-Aktion am Aurelis-Areal","datePublished":"2022-04-20T07:56:00+00:00","dateModified":"2022-05-02T08:30:46+00:00","mainEntityOfPage":{"@id":"https:\/\/rettet-das-rosental.de\/index.php\/2022\/04\/20\/info-aktion-am-aurelis-areal\/"},"wordCount":101,"publisher":{"@id":"https:\/\/rettet-das-rosental.de\/#organization"},"image":{"@id":"https:\/\/rettet-das-rosental.de\/index.php\/2022\/04\/20\/info-aktion-am-aurelis-areal\/#primaryimage"},"thumbnailUrl":"https:\/\/rettet-das-rosental.de\/wp-content\/uploads\/2022\/05\/20220409_Flyeraktion-scaled-e1651480233710.jpg","inLanguage":"de"},{"@type":"WebPage","@id":"https:\/\/rettet-das-rosental.de\/index.php\/2022\/04\/20\/info-aktion-am-aurelis-areal\/","url":"https:\/\/rettet-das-rosental.de\/index.php\/2022\/04\/20\/info-aktion-am-aurelis-areal\/","name":"Info-Aktion am Aurelis-Areal - Rettet das Rosental","isPartOf":{"@id":"https:\/\/rettet-das-rosental.de\/#website"},"primaryImageOfPage":{"@id":"https:\/\/rettet-das-rosental.de\/index.php\/2022\/04\/20\/info-aktion-am-aurelis-areal\/#primaryimage"},"image":{"@id":"https:\/\/rettet-das-rosental.de\/index.php\/2022\/04\/20\/info-aktion-am-aurelis-areal\/#primaryimage"},"thumbnailUrl":"https:\/\/rettet-das-rosental.de\/wp-content\/uploads\/2022\/05\/20220409_Flyeraktion-scaled-e1651480233710.jpg","datePublished":"2022-04-20T07:56:00+00:00","dateModified":"2022-05-02T08:30:46+00:00","breadcrumb":{"@id":"https:\/\/rettet-das-rosental.de\/index.php\/2022\/04\/20\/info-aktion-am-aurelis-areal\/#breadcrumb"},"inLanguage":"de","potentialAction":[{"@type":"ReadAction","target":["https:\/\/rettet-das-rosental.de\/index.php\/2022\/04\/20\/info-aktion-am-aurelis-areal\/"]}]},{"@type":"ImageObject","inLanguage":"de","@id":"https:\/\/rettet-das-rosental.de\/index.php\/2022\/04\/20\/info-aktion-am-aurelis-areal\/#primaryimage","url":"https:\/\/rettet-das-rosental.de\/wp-content\/uploads\/2022\/05\/20220409_Flyeraktion-scaled-e1651480233710.jpg","contentUrl":"https:\/\/rettet-das-rosental.de\/wp-content\/uploads\/2022\/05\/20220409_Flyeraktion-scaled-e1651480233710.jpg","width":2560,"height":896},{"@type":"BreadcrumbList","@id":"https:\/\/rettet-das-rosental.de\/index.php\/2022\/04\/20\/info-aktion-am-aurelis-areal\/#breadcrumb","itemListElement":[{"@type":"ListItem","position":1,"name":"Startseite","item":"https:\/\/rettet-das-rosental.de\/"},{"@type":"ListItem","position":2,"name":"Info-Aktion am Aurelis-Areal"}]},{"@type":"WebSite","@id":"https:\/\/rettet-das-rosental.de\/#website","url":"https:\/\/rettet-das-rosental.de\/","name":"Rettet das Rosental","description":"B\u00fcrgerinitiative","publisher":{"@id":"https:\/\/rettet-das-rosental.de\/#organization"},"potentialAction":[{"@type":"SearchAction","target":{"@type":"EntryPoint","urlTemplate":"https:\/\/rettet-das-rosental.de\/?s={search_term_string}"},"query-input":{"@type":"PropertyValueSpecification","valueRequired":true,"valueName":"search_term_string"}}],"inLanguage":"de"},{"@type":"Organization","@id":"https:\/\/rettet-das-rosental.de\/#organization","name":"B\u00fcrgerinitiative Rettet das Rosental","url":"https:\/\/rettet-das-rosental.de\/","logo":{"@type":"ImageObject","inLanguage":"de","@id":"https:\/\/rettet-das-rosental.de\/#\/schema\/logo\/image\/","url":"https:\/\/rettet-das-rosental.de\/wp-content\/uploads\/2021\/01\/Weiss_neu_Schriftzug.png","contentUrl":"https:\/\/rettet-das-rosental.de\/wp-content\/uploads\/2021\/01\/Weiss_neu_Schriftzug.png","width":1697,"height":95,"caption":"B\u00fcrgerinitiative Rettet das Rosental"},"image":{"@id":"https:\/\/rettet-das-rosental.de\/#\/schema\/logo\/image\/"}},{"@type":"Person","@id":"https:\/\/rettet-das-rosental.de\/#\/schema\/person\/7d3f53573efcb2ae1b370771f986dadb","name":"rdrwebadm","sameAs":["https:\/\/rettet-das-rosental.de"]}]}},"_links":{"self":[{"href":"https:\/\/rettet-das-rosental.de\/index.php\/wp-json\/wp\/v2\/posts\/3992","targetHints":{"allow":["GET"]}}],"collection":[{"href":"https:\/\/rettet-das-rosental.de\/index.php\/wp-json\/wp\/v2\/posts"}],"about":[{"href":"https:\/\/rettet-das-rosental.de\/index.php\/wp-json\/wp\/v2\/types\/post"}],"author":[{"embeddable":true,"href":"https:\/\/rettet-das-rosental.de\/index.php\/wp-json\/wp\/v2\/users\/1"}],"replies":[{"embeddable":true,"href":"https:\/\/rettet-das-rosental.de\/index.php\/wp-json\/wp\/v2\/comments?post=3992"}],"version-history":[{"count":0,"href":"https:\/\/rettet-das-rosental.de\/index.php\/wp-json\/wp\/v2\/posts\/3992\/revisions"}],"wp:featuredmedia":[{"embeddable":true,"href":"https:\/\/rettet-das-rosental.de\/index.php\/wp-json\/wp\/v2\/media\/4002"}],"wp:attachment":[{"href":"https:\/\/rettet-das-rosental.de\/index.php\/wp-json\/wp\/v2\/media?parent=3992"}],"wp:term":[{"taxonomy":"category","embeddable":true,"href":"https:\/\/rettet-das-rosental.de\/index.php\/wp-json\/wp\/v2\/categories?post=3992"},{"taxonomy":"post_tag","embeddable":true,"href":"https:\/\/rettet-das-rosental.de\/index.php\/wp-json\/wp\/v2\/tags?post=3992"}],"curies":[{"name":"wp","href":"https:\/\/api.w.org\/{rel}","templated":true}]}}