{"id":3989,"date":"2022-05-05T09:49:00","date_gmt":"2022-05-05T07:49:00","guid":{"rendered":"https:\/\/rettet-das-rosental.de\/?p=3989"},"modified":"2022-05-12T12:58:37","modified_gmt":"2022-05-12T10:58:37","slug":"vorstellung-der-machbarkeitsstudie-am-3-mai","status":"publish","type":"post","link":"https:\/\/rettet-das-rosental.de\/index.php\/2022\/05\/05\/vorstellung-der-machbarkeitsstudie-am-3-mai\/","title":{"rendered":"Aktualisierte Machbarkeitsstudie vorgestellt"},"content":{"rendered":"\n<p>Bei der letzten Sitzung des st\u00e4dtischen Mobilit\u00e4tsausschusses am 3. Mai hat die beauftragte Beraterfirma SSP Consult den aktuellen Stand der &#8222;Machbarkeitsstudie Seilschwebebahnen in Stuttgart&#8220; vorgestellt. Danach ist manches klarer und vieles noch sehr unklar.<\/p>\n\n\n\n<p><strong>Die Fakten<\/strong><\/p>\n\n\n\n<p>1. Nach Pr\u00fcfung verschiedener Alternativtrassen, etwa \u00fcber das Vaihinger Schulzent-rum, bleibt es bei der urspr\u00fcnglich ins Auge gefassten Strecke vom Eiermann-Campus (vom Investor &#8222;VAI Campus&#8220; genannt) \u00fcber das Vaihinger Freibad entlang der Vollmoellerstra\u00dfe zum Vaihinger Bahnhof.<\/p>\n\n\n\n<p>2. Nach Pr\u00fcfung verschiedener Alternativtrassen, etwa \u00fcber das Vaihinger Schulzentrum, bleibt es bei der urspr\u00fcnglich ins Auge gefassten Strecke vom Eiermann-Campus (vom Investor &#8222;VAI Campus&#8220; genannt) \u00fcber das Vaihinger Freibad entlang der Vollmoellerstra\u00dfe zum Vaihinger Bahnhof.<br>Zwischen Eiermann-Campus und der Station Freibad sind insgesamt drei (zwischen 45 und 60 Meter hohe) St\u00fctzen vorgesehen. Zum Vergleich: Das Hotel Fontana am Vaihinger Bahnhof ist ungef\u00e4hr genauso hoch.<\/p>\n\n\n\n<p>3. Die erste Zwischenstation soll direkt auf das Geb\u00e4ude gebaut werden, in dem sich die Umkleiden des Vaihinger Hallenbads befinden. Die Seilbahn wird an dieser Stelle steil an- bzw. abgef\u00fchrt, um rasch die entsprechende Flugh\u00f6he von circa 50 Metern zu erreichen. Dazu ist auf der Wiese am Spielplatz Ecke Vollmoeller-\/ Krehlstra\u00dfe eine zus\u00e4tzliche massive St\u00fctze eingeplant.<\/p>\n\n\n\n<p>4. Eine weitere solche St\u00fctze ist im Gr\u00fcnstreifen vor dem &#8222;Rosenpark&#8220; in der N\u00e4he der Robert-Koch-Stra\u00dfe vorgesehen.<\/p>\n\n\n\n<p>5. Im Bereich Vaihinger Bahnhof sollen gleich zwei Stationen entstehen, die durch ein Br\u00fcckenbauwerk \u00fcber die Vollmoellerstra\u00dfe verbunden werden. Der Bahnhof-West auf der Seite des Vaihinger Stadtparks ist als Antriebsstation gedacht. Der Bahnhof-Ost soll Teil eines multifunktionalen Hub-Geb\u00e4udes werden. Zus\u00e4tzlich soll hier ggf. ein Depot zum Warentransport f\u00fcr den Eiermann-Campus entstehen.<br>Von dort soll die Trasse \u00fcber Wallgraben und Industriestra\u00dfe bis zu einem P+R Park-haus an der Autobahn f\u00fchren.<\/p>\n\n\n\n<p>6. Von dort soll die Trasse \u00fcber Wallgraben und Industriestra\u00dfe bis zu einem P+R Parkhaus an der Autobahn f\u00fchren.<\/p>\n\n\n\n<p>7. Anschlie\u00dfend pr\u00e4sentierte der zust\u00e4ndige Ingenieur von SSP Consult einen groben Vergleich der Verkehrssituation in Vaihingen mit bzw. ohne Seilbahnanschluss, wobei vor allem eines deutlich wurde: eine ernstzunehmende Vergleichsstudie, die die \u00f6kologische und \u00f6konomische Effizienz der geplanten Seilbahn mit der einer Erschlie\u00dfung \u00fcber entsprechend ert\u00fcchtigte und eng getaktete Busse untersucht, gibt es bislang nicht.<\/p>\n\n\n\n<p>8. Weiterhin geht das aktuelle Gutachten von einem t\u00e4glichen Fahrgastaufkommen von 11.500 Personen aus \u2013 eine Zahl, die durch nichts belegt wird und nur dann erreicht werden k\u00f6nnte, wenn alle k\u00fcnftigen Bewohner des Eiermann-Campus mehr als zweimal am Tag die Seilbahn nutzen w\u00fcrden. Und selbst dann zeigt diese Zahl, dass die Seil-bahn allein schon vom wirtschaftlichen Standpunkt her eine Fehlentscheidung w\u00e4re. Ein Experte von Drees &amp; Sommer hat schon im vergangenen Jahr konstatiert, dass &#8222;man 800 bis 1000 Personen pro Stunde pro Richtung&#8220; braucht, &#8220; wenn man eine Seilbahn wirtschaftlich betreiben m\u00f6chte&#8220;.<\/p>\n\n\n\n<p>9. Schlie\u00dflich wurde noch eine &#8222;Umweltfachliche Ersteinsch\u00e4tzung&#8220; der Auswirkungen einer Seilbahn abgegeben, die zwar einr\u00e4umt, dass der Landschaftsschutz betroffen sei, aber man gehe davon aus, durch gewisse Ausgleichsma\u00dfnahmen eine Erlaubnis bzw. Befreiung von der Unteren Naturschutzbeh\u00f6rde zu erhalten. Ein &#8222;h\u00f6heres Konfliktpotential&#8220; sieht die Studie im Waldgebiet, gefolgt von den &#8222;Offenlandschaften und Gr\u00fcnfl\u00e4chen innerhalb der Siedlung&#8220;.<\/p>\n\n\n\n<p>10. Der Referent k\u00fcndigte an, dass man sowohl Nutzungsbewertung als auch Kostensch\u00e4tzung noch ausarbeiten m\u00fcsse und die F\u00f6rderbedingungen abkl\u00e4ren wolle. Au\u00dferdem sei die Pr\u00fcfung der technischen Machbarkeit noch nicht abgeschlossen. Die sogenannte B\u00fcrgerbeteiligung ist f\u00fcr die zweite Jahresh\u00e4lfte vorgesehen.<\/p>\n\n\n\n<p><strong>Die Reaktionen im Ausschuss<\/strong><\/p>\n\n\n\n<p>Als Erste meldete sich <strong>Gr\u00fcnen-Stadtr\u00e4tin Beate Schiener<\/strong> zu Wort, um ihrer anhalten-den und ungebremsten Begeisterung f\u00fcr das Vaihinger Seilbahn-Projekt und ihrer Zustimmung zur favorisierten Trasse Ausdruck zu verleihen. Als ihr Parteifreund <strong>Bj\u00f6rn Peterhoff<\/strong> im Verlauf der Diskussion darauf hinwies, dass Stuttgart mit dem Bau einer Seilbahn in Deutschland zum Vorreiter werden k\u00f6nne, wurde er von Planerseite gewarnt, das Projekt nicht als Wettbewerb zu sehen. Zudem seien andere St\u00e4dte wie Bonn wesentlich weiter im Planungsprozess, und man d\u00fcrfe sich deshalb keinerlei Hoffnung machen, die erste Seilbahn Deutschlands zu bauen.<\/p>\n\n\n\n<p><strong>CDU-Stadtrat J\u00fcrgen Sauer<\/strong> reagierte da schon wesentlich verhaltener und forderte generell &#8222;mehr Fleisch&#8220;, also konkretere Zahlen etwa zur k\u00fcnftigen Auslastung, um die Alternativen zur Seilbahn ernsthaft bewerten und eine ehrliche, offene Diskussion f\u00fchren zu k\u00f6nnen. Er betonte, dass &#8222;Gr\u00fcndlichkeit vor Schnelligkeit&#8220; gehen m\u00fcsse und sich seine Fraktion vorerst noch nicht festlegen k\u00f6nne.<\/p>\n\n\n\n<p>Auch <strong>SPD-Stadtr\u00e4tin Lucia Schanbacher<\/strong> hatte weitere Fragen und mahnte an, das Ziel nicht aus dem Auge zu verlieren: ein tragf\u00e4higes \u00d6PNV-Konzept f\u00fcr den Eiermann-Campus, der durch die Seilbahn nicht zu einem Satellitenquartier werden d\u00fcrfe, sondern an den Stadtbezirk angebunden sein m\u00fcsse. Wie schon ihr Vorredner wies sie auf die Existenz der B\u00fcrgerinitiative &#8222;Rettet das Rosental&#8220; hin und forderte genauere Angaben zu Kapazit\u00e4tsbedarf, alternativen Trassenverl\u00e4ufen, Kosten, Taktung oder Kabinengr\u00f6\u00dfen. Zugleich warnte sie davor, dass sich die verschiedenen eingesetzten Verkehrsmittel letztlich gegenseitig Konkurrenz machen k\u00f6nnten (sogenannter &#8222;Kannibalisierungseffekt&#8220;). Der <strong>SPD-Fraktionsvorsitzende Martin K\u00f6rner<\/strong> betonte sp\u00e4ter nochmals ausdr\u00fccklich, man habe sich in der Frage der Seilbahn noch nicht festgelegt.<\/p>\n\n\n\n<p><strong>Stadtrat<\/strong> <strong>Luigi Pantisano<\/strong> von <strong>Die Linke<\/strong> wies darauf hin, dass es sich um eine zwar ausf\u00fchrliche, aber vorrangig technische Pr\u00e4sentation gehandelt habe. Seinem Wunsch, die Seilbahn m\u00f6glichst rasch und parallel zur baulichen Erschlie\u00dfung des Eiermann-Areals zu realisieren, erteilte der st\u00e4dtische Verkehrsplaner Andreas Hemmerich eine Absage, da man von einem jahrelangen Planungsverfahren ausgehen m\u00fcsse und es daher sicher eine \u00dcbergangsphase geben werde, in der das Areal bereits aufgesiedelt werde, aber noch \u00fcber eine dann ert\u00fcchtigte Buslinie angebunden bleiben m\u00fcsse.<\/p>\n\n\n\n<p><strong>FDP-Stadtrat Armin Serwani<\/strong> \u00fcberraschte mit der Aussage, dass in n\u00e4chster Zeit in ganz Deutschland so viele B\u00e4ume f\u00fcr den Bau neuer Windr\u00e4der gef\u00e4llt werden m\u00fcssten, dass es auf einzelne Rodungen f\u00fcr eine Seilbahn nicht mehr ankomme.<\/p>\n\n\n\n<p><strong>Stadtrat Christoph Osazek <\/strong>von<strong> PULS<\/strong> zeigte sich als klarer Seilbahn-Bef\u00fcrworter, verlangte allerdings die K\u00fcrzung der geplanten Trasse um das letzte Teilst\u00fcck zwischen SSB-Gel\u00e4nde und Autobahn. Au\u00dferdem erkundigte er sich speziell nach der M\u00f6glichkeit, die vorgeschriebenen Pkw-Stellpl\u00e4tze am k\u00fcnftigen Eiermann-Areal durch den Bau einer Seilbahn reduzieren zu k\u00f6nnen. (<a href=\"https:\/\/rettet-das-rosental.de\/index.php\/stellplaetze-eiermann-campus\/\">Zum Thema Pkw-Stellpl\u00e4tze finden Sie einen interessanten neuen Beitrag auf unserer Homepage<\/a>)<\/p>\n\n\n\n<p><strong>Stadtrat Konrad Zai\u00df<\/strong> von den <strong>Freien W\u00e4hlern<\/strong> zeigte sich beeindruckt von den Dimensionen der vorgesehenen St\u00fctzen, die \u2013 wie <strong>AfD-Stadtrat Dr. Michael Mayer<\/strong> anmerkte \u2013 mit 50 Meter H\u00f6he viermal h\u00f6her seien als die Wuppertaler Schwebebahn. Stadtrat Zai\u00df sprach au\u00dferdem noch die Frage der Sicherheit in den 25 bis 35 Personen fassenden Kabinen an.<\/p>\n\n\n\n<p>Soweit der Bericht \u00fcber die gestrige Veranstaltung, bei der wesentliche Aspekte wie eine Kosten-\/Nutzen-Aufstellung oder ein Vergleich der Seilbahn mit Bus- und S-Bahn-Anbindung fehlten. Die B\u00fcrgerinitiative wird also weiter einfordern m\u00fcssen, belastbare Informationen \u00fcber das geplante Seilbahnprojekt und die Zukunft in unserem Stadtbezirk zu bekommen. \u2013 Dass die enormen finanziellen Schwierigkeiten des Investors am Eier-mann-Campus, die mittlerweile sogar die Hauptnachrichten erreicht haben, unerw\u00e4hnt geblieben sind, sei nur am Rande erw\u00e4hnt\u2026<\/p>\n\n\n\n<p>Wer sich die aktualisierte Machbarkeitsstudie genauer ansehen m\u00f6chte, findet diese auf unserer Homepage unter der Rubrik &#8222;Schwarz auf wei\u00df&#8220;: <a href=\"https:\/\/rettet-das-rosental.de\/wp-content\/uploads\/2022\/05\/Machbarkeitsstudie_Seilschwebebahn_Stuttgart_220503-komprimiert.pdf\">Pr\u00e4sentation der SSP Consult vom 03.05.2022<\/a><\/p>\n\n\n\n<p class=\"has-text-align-right\"><em>Foto: SSP Consult, Beratende Ingenieure GmbH \u2013 \u00a9 Lena Hainzinger<\/em><\/p>\n","protected":false},"excerpt":{"rendered":"<p>Bei der letzten Sitzung des st\u00e4dtischen Mobilit\u00e4tsausschusses am 3. Mai hat die beauftragte Beraterfirma SSP Consult den aktuellen Stand der &#8222;Machbarkeitsstudie Seilschwebebahnen in Stuttgart&#8220; vorgestellt. Danach ist manches klarer und vieles noch sehr unklar. Die Fakten 1. Nach Pr\u00fcfung verschiedener Alternativtrassen, etwa \u00fcber das Vaihinger Schulzent-rum, bleibt es bei der urspr\u00fcnglich ins Auge gefassten Strecke [&hellip;]<\/p>\n","protected":false},"author":1,"featured_media":2731,"comment_status":"closed","ping_status":"closed","sticky":false,"template":"","format":"standard","meta":{"footnotes":""},"categories":[1],"tags":[],"class_list":["post-3989","post","type-post","status-publish","format-standard","has-post-thumbnail","hentry","category-allgemein"],"yoast_head":"<!-- This site is optimized with the Yoast SEO plugin v26.7 - https:\/\/yoast.com\/wordpress\/plugins\/seo\/ -->\n<title>Aktualisierte Machbarkeitsstudie vorgestellt - Rettet das Rosental<\/title>\n<meta name=\"robots\" content=\"noindex, follow\" \/>\n<meta property=\"og:locale\" content=\"de_DE\" \/>\n<meta property=\"og:type\" content=\"article\" \/>\n<meta property=\"og:title\" content=\"Aktualisierte Machbarkeitsstudie vorgestellt - Rettet das Rosental\" \/>\n<meta property=\"og:description\" content=\"Bei der letzten Sitzung des st\u00e4dtischen Mobilit\u00e4tsausschusses am 3. Mai hat die beauftragte Beraterfirma SSP Consult den aktuellen Stand der &#8222;Machbarkeitsstudie Seilschwebebahnen in Stuttgart&#8220; vorgestellt. Danach ist manches klarer und vieles noch sehr unklar. Die Fakten 1. Nach Pr\u00fcfung verschiedener Alternativtrassen, etwa \u00fcber das Vaihinger Schulzent-rum, bleibt es bei der urspr\u00fcnglich ins Auge gefassten Strecke [&hellip;]\" \/>\n<meta property=\"og:url\" content=\"https:\/\/rettet-das-rosental.de\/index.php\/2022\/05\/05\/vorstellung-der-machbarkeitsstudie-am-3-mai\/\" \/>\n<meta property=\"og:site_name\" content=\"Rettet das Rosental\" \/>\n<meta property=\"article:published_time\" content=\"2022-05-05T07:49:00+00:00\" \/>\n<meta property=\"article:modified_time\" content=\"2022-05-12T10:58:37+00:00\" \/>\n<meta property=\"og:image\" content=\"https:\/\/rettet-das-rosental.de\/wp-content\/uploads\/2021\/01\/SeilbahnMabaCover-1.png\" \/>\n\t<meta property=\"og:image:width\" content=\"5334\" \/>\n\t<meta property=\"og:image:height\" content=\"4267\" \/>\n\t<meta property=\"og:image:type\" content=\"image\/png\" \/>\n<meta name=\"author\" content=\"rdrwebadm\" \/>\n<meta name=\"twitter:card\" content=\"summary_large_image\" \/>\n<meta name=\"twitter:label1\" content=\"Verfasst von\" \/>\n\t<meta name=\"twitter:data1\" content=\"rdrwebadm\" \/>\n\t<meta name=\"twitter:label2\" content=\"Gesch\u00e4tzte Lesezeit\" \/>\n\t<meta name=\"twitter:data2\" content=\"7\u00a0Minuten\" \/>\n<script type=\"application\/ld+json\" class=\"yoast-schema-graph\">{\"@context\":\"https:\/\/schema.org\",\"@graph\":[{\"@type\":\"Article\",\"@id\":\"https:\/\/rettet-das-rosental.de\/index.php\/2022\/05\/05\/vorstellung-der-machbarkeitsstudie-am-3-mai\/#article\",\"isPartOf\":{\"@id\":\"https:\/\/rettet-das-rosental.de\/index.php\/2022\/05\/05\/vorstellung-der-machbarkeitsstudie-am-3-mai\/\"},\"author\":{\"name\":\"rdrwebadm\",\"@id\":\"https:\/\/rettet-das-rosental.de\/#\/schema\/person\/7d3f53573efcb2ae1b370771f986dadb\"},\"headline\":\"Aktualisierte Machbarkeitsstudie vorgestellt\",\"datePublished\":\"2022-05-05T07:49:00+00:00\",\"dateModified\":\"2022-05-12T10:58:37+00:00\",\"mainEntityOfPage\":{\"@id\":\"https:\/\/rettet-das-rosental.de\/index.php\/2022\/05\/05\/vorstellung-der-machbarkeitsstudie-am-3-mai\/\"},\"wordCount\":1217,\"publisher\":{\"@id\":\"https:\/\/rettet-das-rosental.de\/#organization\"},\"image\":{\"@id\":\"https:\/\/rettet-das-rosental.de\/index.php\/2022\/05\/05\/vorstellung-der-machbarkeitsstudie-am-3-mai\/#primaryimage\"},\"thumbnailUrl\":\"https:\/\/rettet-das-rosental.de\/wp-content\/uploads\/2021\/01\/SeilbahnMabaCover-1.png\",\"inLanguage\":\"de\"},{\"@type\":\"WebPage\",\"@id\":\"https:\/\/rettet-das-rosental.de\/index.php\/2022\/05\/05\/vorstellung-der-machbarkeitsstudie-am-3-mai\/\",\"url\":\"https:\/\/rettet-das-rosental.de\/index.php\/2022\/05\/05\/vorstellung-der-machbarkeitsstudie-am-3-mai\/\",\"name\":\"Aktualisierte Machbarkeitsstudie vorgestellt - Rettet das Rosental\",\"isPartOf\":{\"@id\":\"https:\/\/rettet-das-rosental.de\/#website\"},\"primaryImageOfPage\":{\"@id\":\"https:\/\/rettet-das-rosental.de\/index.php\/2022\/05\/05\/vorstellung-der-machbarkeitsstudie-am-3-mai\/#primaryimage\"},\"image\":{\"@id\":\"https:\/\/rettet-das-rosental.de\/index.php\/2022\/05\/05\/vorstellung-der-machbarkeitsstudie-am-3-mai\/#primaryimage\"},\"thumbnailUrl\":\"https:\/\/rettet-das-rosental.de\/wp-content\/uploads\/2021\/01\/SeilbahnMabaCover-1.png\",\"datePublished\":\"2022-05-05T07:49:00+00:00\",\"dateModified\":\"2022-05-12T10:58:37+00:00\",\"breadcrumb\":{\"@id\":\"https:\/\/rettet-das-rosental.de\/index.php\/2022\/05\/05\/vorstellung-der-machbarkeitsstudie-am-3-mai\/#breadcrumb\"},\"inLanguage\":\"de\",\"potentialAction\":[{\"@type\":\"ReadAction\",\"target\":[\"https:\/\/rettet-das-rosental.de\/index.php\/2022\/05\/05\/vorstellung-der-machbarkeitsstudie-am-3-mai\/\"]}]},{\"@type\":\"ImageObject\",\"inLanguage\":\"de\",\"@id\":\"https:\/\/rettet-das-rosental.de\/index.php\/2022\/05\/05\/vorstellung-der-machbarkeitsstudie-am-3-mai\/#primaryimage\",\"url\":\"https:\/\/rettet-das-rosental.de\/wp-content\/uploads\/2021\/01\/SeilbahnMabaCover-1.png\",\"contentUrl\":\"https:\/\/rettet-das-rosental.de\/wp-content\/uploads\/2021\/01\/SeilbahnMabaCover-1.png\",\"width\":5334,\"height\":4267},{\"@type\":\"BreadcrumbList\",\"@id\":\"https:\/\/rettet-das-rosental.de\/index.php\/2022\/05\/05\/vorstellung-der-machbarkeitsstudie-am-3-mai\/#breadcrumb\",\"itemListElement\":[{\"@type\":\"ListItem\",\"position\":1,\"name\":\"Startseite\",\"item\":\"https:\/\/rettet-das-rosental.de\/\"},{\"@type\":\"ListItem\",\"position\":2,\"name\":\"Aktualisierte Machbarkeitsstudie vorgestellt\"}]},{\"@type\":\"WebSite\",\"@id\":\"https:\/\/rettet-das-rosental.de\/#website\",\"url\":\"https:\/\/rettet-das-rosental.de\/\",\"name\":\"Rettet das Rosental\",\"description\":\"B\u00fcrgerinitiative\",\"publisher\":{\"@id\":\"https:\/\/rettet-das-rosental.de\/#organization\"},\"potentialAction\":[{\"@type\":\"SearchAction\",\"target\":{\"@type\":\"EntryPoint\",\"urlTemplate\":\"https:\/\/rettet-das-rosental.de\/?s={search_term_string}\"},\"query-input\":{\"@type\":\"PropertyValueSpecification\",\"valueRequired\":true,\"valueName\":\"search_term_string\"}}],\"inLanguage\":\"de\"},{\"@type\":\"Organization\",\"@id\":\"https:\/\/rettet-das-rosental.de\/#organization\",\"name\":\"B\u00fcrgerinitiative Rettet das Rosental\",\"url\":\"https:\/\/rettet-das-rosental.de\/\",\"logo\":{\"@type\":\"ImageObject\",\"inLanguage\":\"de\",\"@id\":\"https:\/\/rettet-das-rosental.de\/#\/schema\/logo\/image\/\",\"url\":\"https:\/\/rettet-das-rosental.de\/wp-content\/uploads\/2021\/01\/Weiss_neu_Schriftzug.png\",\"contentUrl\":\"https:\/\/rettet-das-rosental.de\/wp-content\/uploads\/2021\/01\/Weiss_neu_Schriftzug.png\",\"width\":1697,\"height\":95,\"caption\":\"B\u00fcrgerinitiative Rettet das Rosental\"},\"image\":{\"@id\":\"https:\/\/rettet-das-rosental.de\/#\/schema\/logo\/image\/\"}},{\"@type\":\"Person\",\"@id\":\"https:\/\/rettet-das-rosental.de\/#\/schema\/person\/7d3f53573efcb2ae1b370771f986dadb\",\"name\":\"rdrwebadm\",\"sameAs\":[\"https:\/\/rettet-das-rosental.de\"]}]}<\/script>\n<!-- \/ Yoast SEO plugin. -->","yoast_head_json":{"title":"Aktualisierte Machbarkeitsstudie vorgestellt - Rettet das Rosental","robots":{"index":"noindex","follow":"follow"},"og_locale":"de_DE","og_type":"article","og_title":"Aktualisierte Machbarkeitsstudie vorgestellt - Rettet das Rosental","og_description":"Bei der letzten Sitzung des st\u00e4dtischen Mobilit\u00e4tsausschusses am 3. Mai hat die beauftragte Beraterfirma SSP Consult den aktuellen Stand der &#8222;Machbarkeitsstudie Seilschwebebahnen in Stuttgart&#8220; vorgestellt. Danach ist manches klarer und vieles noch sehr unklar. Die Fakten 1. Nach Pr\u00fcfung verschiedener Alternativtrassen, etwa \u00fcber das Vaihinger Schulzent-rum, bleibt es bei der urspr\u00fcnglich ins Auge gefassten Strecke [&hellip;]","og_url":"https:\/\/rettet-das-rosental.de\/index.php\/2022\/05\/05\/vorstellung-der-machbarkeitsstudie-am-3-mai\/","og_site_name":"Rettet das Rosental","article_published_time":"2022-05-05T07:49:00+00:00","article_modified_time":"2022-05-12T10:58:37+00:00","og_image":[{"width":5334,"height":4267,"url":"https:\/\/rettet-das-rosental.de\/wp-content\/uploads\/2021\/01\/SeilbahnMabaCover-1.png","type":"image\/png"}],"author":"rdrwebadm","twitter_card":"summary_large_image","twitter_misc":{"Verfasst von":"rdrwebadm","Gesch\u00e4tzte Lesezeit":"7\u00a0Minuten"},"schema":{"@context":"https:\/\/schema.org","@graph":[{"@type":"Article","@id":"https:\/\/rettet-das-rosental.de\/index.php\/2022\/05\/05\/vorstellung-der-machbarkeitsstudie-am-3-mai\/#article","isPartOf":{"@id":"https:\/\/rettet-das-rosental.de\/index.php\/2022\/05\/05\/vorstellung-der-machbarkeitsstudie-am-3-mai\/"},"author":{"name":"rdrwebadm","@id":"https:\/\/rettet-das-rosental.de\/#\/schema\/person\/7d3f53573efcb2ae1b370771f986dadb"},"headline":"Aktualisierte Machbarkeitsstudie vorgestellt","datePublished":"2022-05-05T07:49:00+00:00","dateModified":"2022-05-12T10:58:37+00:00","mainEntityOfPage":{"@id":"https:\/\/rettet-das-rosental.de\/index.php\/2022\/05\/05\/vorstellung-der-machbarkeitsstudie-am-3-mai\/"},"wordCount":1217,"publisher":{"@id":"https:\/\/rettet-das-rosental.de\/#organization"},"image":{"@id":"https:\/\/rettet-das-rosental.de\/index.php\/2022\/05\/05\/vorstellung-der-machbarkeitsstudie-am-3-mai\/#primaryimage"},"thumbnailUrl":"https:\/\/rettet-das-rosental.de\/wp-content\/uploads\/2021\/01\/SeilbahnMabaCover-1.png","inLanguage":"de"},{"@type":"WebPage","@id":"https:\/\/rettet-das-rosental.de\/index.php\/2022\/05\/05\/vorstellung-der-machbarkeitsstudie-am-3-mai\/","url":"https:\/\/rettet-das-rosental.de\/index.php\/2022\/05\/05\/vorstellung-der-machbarkeitsstudie-am-3-mai\/","name":"Aktualisierte Machbarkeitsstudie vorgestellt - Rettet das Rosental","isPartOf":{"@id":"https:\/\/rettet-das-rosental.de\/#website"},"primaryImageOfPage":{"@id":"https:\/\/rettet-das-rosental.de\/index.php\/2022\/05\/05\/vorstellung-der-machbarkeitsstudie-am-3-mai\/#primaryimage"},"image":{"@id":"https:\/\/rettet-das-rosental.de\/index.php\/2022\/05\/05\/vorstellung-der-machbarkeitsstudie-am-3-mai\/#primaryimage"},"thumbnailUrl":"https:\/\/rettet-das-rosental.de\/wp-content\/uploads\/2021\/01\/SeilbahnMabaCover-1.png","datePublished":"2022-05-05T07:49:00+00:00","dateModified":"2022-05-12T10:58:37+00:00","breadcrumb":{"@id":"https:\/\/rettet-das-rosental.de\/index.php\/2022\/05\/05\/vorstellung-der-machbarkeitsstudie-am-3-mai\/#breadcrumb"},"inLanguage":"de","potentialAction":[{"@type":"ReadAction","target":["https:\/\/rettet-das-rosental.de\/index.php\/2022\/05\/05\/vorstellung-der-machbarkeitsstudie-am-3-mai\/"]}]},{"@type":"ImageObject","inLanguage":"de","@id":"https:\/\/rettet-das-rosental.de\/index.php\/2022\/05\/05\/vorstellung-der-machbarkeitsstudie-am-3-mai\/#primaryimage","url":"https:\/\/rettet-das-rosental.de\/wp-content\/uploads\/2021\/01\/SeilbahnMabaCover-1.png","contentUrl":"https:\/\/rettet-das-rosental.de\/wp-content\/uploads\/2021\/01\/SeilbahnMabaCover-1.png","width":5334,"height":4267},{"@type":"BreadcrumbList","@id":"https:\/\/rettet-das-rosental.de\/index.php\/2022\/05\/05\/vorstellung-der-machbarkeitsstudie-am-3-mai\/#breadcrumb","itemListElement":[{"@type":"ListItem","position":1,"name":"Startseite","item":"https:\/\/rettet-das-rosental.de\/"},{"@type":"ListItem","position":2,"name":"Aktualisierte Machbarkeitsstudie vorgestellt"}]},{"@type":"WebSite","@id":"https:\/\/rettet-das-rosental.de\/#website","url":"https:\/\/rettet-das-rosental.de\/","name":"Rettet das Rosental","description":"B\u00fcrgerinitiative","publisher":{"@id":"https:\/\/rettet-das-rosental.de\/#organization"},"potentialAction":[{"@type":"SearchAction","target":{"@type":"EntryPoint","urlTemplate":"https:\/\/rettet-das-rosental.de\/?s={search_term_string}"},"query-input":{"@type":"PropertyValueSpecification","valueRequired":true,"valueName":"search_term_string"}}],"inLanguage":"de"},{"@type":"Organization","@id":"https:\/\/rettet-das-rosental.de\/#organization","name":"B\u00fcrgerinitiative Rettet das Rosental","url":"https:\/\/rettet-das-rosental.de\/","logo":{"@type":"ImageObject","inLanguage":"de","@id":"https:\/\/rettet-das-rosental.de\/#\/schema\/logo\/image\/","url":"https:\/\/rettet-das-rosental.de\/wp-content\/uploads\/2021\/01\/Weiss_neu_Schriftzug.png","contentUrl":"https:\/\/rettet-das-rosental.de\/wp-content\/uploads\/2021\/01\/Weiss_neu_Schriftzug.png","width":1697,"height":95,"caption":"B\u00fcrgerinitiative Rettet das Rosental"},"image":{"@id":"https:\/\/rettet-das-rosental.de\/#\/schema\/logo\/image\/"}},{"@type":"Person","@id":"https:\/\/rettet-das-rosental.de\/#\/schema\/person\/7d3f53573efcb2ae1b370771f986dadb","name":"rdrwebadm","sameAs":["https:\/\/rettet-das-rosental.de"]}]}},"_links":{"self":[{"href":"https:\/\/rettet-das-rosental.de\/index.php\/wp-json\/wp\/v2\/posts\/3989","targetHints":{"allow":["GET"]}}],"collection":[{"href":"https:\/\/rettet-das-rosental.de\/index.php\/wp-json\/wp\/v2\/posts"}],"about":[{"href":"https:\/\/rettet-das-rosental.de\/index.php\/wp-json\/wp\/v2\/types\/post"}],"author":[{"embeddable":true,"href":"https:\/\/rettet-das-rosental.de\/index.php\/wp-json\/wp\/v2\/users\/1"}],"replies":[{"embeddable":true,"href":"https:\/\/rettet-das-rosental.de\/index.php\/wp-json\/wp\/v2\/comments?post=3989"}],"version-history":[{"count":0,"href":"https:\/\/rettet-das-rosental.de\/index.php\/wp-json\/wp\/v2\/posts\/3989\/revisions"}],"wp:featuredmedia":[{"embeddable":true,"href":"https:\/\/rettet-das-rosental.de\/index.php\/wp-json\/wp\/v2\/media\/2731"}],"wp:attachment":[{"href":"https:\/\/rettet-das-rosental.de\/index.php\/wp-json\/wp\/v2\/media?parent=3989"}],"wp:term":[{"taxonomy":"category","embeddable":true,"href":"https:\/\/rettet-das-rosental.de\/index.php\/wp-json\/wp\/v2\/categories?post=3989"},{"taxonomy":"post_tag","embeddable":true,"href":"https:\/\/rettet-das-rosental.de\/index.php\/wp-json\/wp\/v2\/tags?post=3989"}],"curies":[{"name":"wp","href":"https:\/\/api.w.org\/{rel}","templated":true}]}}