{"id":3828,"date":"2022-03-06T12:43:46","date_gmt":"2022-03-06T11:43:46","guid":{"rendered":"https:\/\/rettet-das-rosental.de\/?p=3828"},"modified":"2022-03-15T19:57:15","modified_gmt":"2022-03-15T18:57:15","slug":"bekommt-vaihingen-eine-so-da-seilbahn-verpasst","status":"publish","type":"post","link":"https:\/\/rettet-das-rosental.de\/index.php\/2022\/03\/06\/bekommt-vaihingen-eine-so-da-seilbahn-verpasst\/","title":{"rendered":"Bekommt Vaihingen eine &#8222;So-da-Seilbahn&#8220; verpasst?"},"content":{"rendered":"\n<p>Wenn in Vaihingen eine Seilbahn gebaut werden sollte, dann vor allem darum, weil man hofft, damit das Verkehrsproblem des geplanten Stadtquartiers am sogenannten Eiermann-Areal zu l\u00f6sen. Nachdem in den vergangenen Wochen und Monaten in den Medien immer wieder \u00fcber finanzielle Schwierigkeiten des dort t\u00e4tigen Privatinvestors Consus berichtet wurde, hat ein Fachmann aus dem Kreis der B\u00fcrgerinitiative die bundesweiten Bauprojekte dieser Firma einmal genauer unter die Lupe genommen.<\/p>\n\n\n\n<p>Die Besorgnis erregenden Resultate seiner Recherche \u2013 <a href=\"https:\/\/rettet-das-rosental.de\/index.php\/investor-eiermann-campus\/\" target=\"_blank\" rel=\"noreferrer noopener\">hier nachzulesen unter der Rubrik &#8222;Klargestellt&#8220;<\/a> \u2013hat der promovierte \u00d6konom den Mitgliedern des Vaihinger Bezirksbeirats, zust\u00e4ndigen Betreuungsstadtr\u00e4tinnen und -r\u00e4ten, dem st\u00e4dtischen Ausschuss f\u00fcr Stadtentwicklung und Technik sowie der Filder-Zeitung zur Kenntnis zukommen lassen, aber bislang keine nennenswerte Reaktion darauf erhalten. Daher stellt sich nicht nur ihm die Frage, ob es parallel zu den vielerorts beklagten &#8222;So-da-Br\u00fccken&#8220; \u2013 wie man umgangssprachlich unsinnig in die Landschaft gebaute Br\u00fccken ohne Zufahrten nennt \u2013 in Vaihingen die erste &#8222;So-da-Seilbahn&#8220; geben wird.<\/p>\n\n\n\n<p>Sollten die Verantwortlichen nicht aufwachen, k\u00f6nnte aus diesem ehrgeizigen Stuttgarter Verkehrsprojekt allzu bald ein Fall f\u00fcr den Bund der Steuerzahler werden&#8230;<\/p>\n\n\n\n<p class=\"has-text-align-right\"><em>Foto: So-Da-Br\u00fccke in <\/em>C<em>astrop-Rauxel, Frohlinde, \u00a9 Degressiv auf Wikipedia<\/em><\/p>\n","protected":false},"excerpt":{"rendered":"<p>Wenn in Vaihingen eine Seilbahn gebaut werden sollte, dann vor allem darum, weil man hofft, damit das Verkehrsproblem des geplanten Stadtquartiers am sogenannten Eiermann-Areal zu l\u00f6sen. Nachdem in den vergangenen Wochen und Monaten in den Medien immer wieder \u00fcber finanzielle Schwierigkeiten des dort t\u00e4tigen Privatinvestors Consus berichtet wurde, hat ein Fachmann aus dem Kreis der [&hellip;]<\/p>\n","protected":false},"author":1,"featured_media":3829,"comment_status":"closed","ping_status":"closed","sticky":false,"template":"","format":"standard","meta":{"footnotes":""},"categories":[1],"tags":[],"class_list":["post-3828","post","type-post","status-publish","format-standard","has-post-thumbnail","hentry","category-allgemein"],"yoast_head":"<!-- This site is optimized with the Yoast SEO plugin v26.7 - https:\/\/yoast.com\/wordpress\/plugins\/seo\/ -->\n<title>Bekommt Vaihingen eine &quot;So-da-Seilbahn&quot; verpasst? - Rettet das Rosental<\/title>\n<meta name=\"robots\" content=\"noindex, follow\" \/>\n<meta property=\"og:locale\" content=\"de_DE\" \/>\n<meta property=\"og:type\" content=\"article\" \/>\n<meta property=\"og:title\" content=\"Bekommt Vaihingen eine &quot;So-da-Seilbahn&quot; verpasst? - Rettet das Rosental\" \/>\n<meta property=\"og:description\" content=\"Wenn in Vaihingen eine Seilbahn gebaut werden sollte, dann vor allem darum, weil man hofft, damit das Verkehrsproblem des geplanten Stadtquartiers am sogenannten Eiermann-Areal zu l\u00f6sen. Nachdem in den vergangenen Wochen und Monaten in den Medien immer wieder \u00fcber finanzielle Schwierigkeiten des dort t\u00e4tigen Privatinvestors Consus berichtet wurde, hat ein Fachmann aus dem Kreis der [&hellip;]\" \/>\n<meta property=\"og:url\" content=\"https:\/\/rettet-das-rosental.de\/index.php\/2022\/03\/06\/bekommt-vaihingen-eine-so-da-seilbahn-verpasst\/\" \/>\n<meta property=\"og:site_name\" content=\"Rettet das Rosental\" \/>\n<meta property=\"article:published_time\" content=\"2022-03-06T11:43:46+00:00\" \/>\n<meta property=\"article:modified_time\" content=\"2022-03-15T18:57:15+00:00\" \/>\n<meta property=\"og:image\" content=\"https:\/\/rettet-das-rosental.de\/wp-content\/uploads\/2022\/03\/Soda_Frohlinde.jpg\" \/>\n\t<meta property=\"og:image:width\" content=\"1024\" \/>\n\t<meta property=\"og:image:height\" content=\"768\" \/>\n\t<meta property=\"og:image:type\" content=\"image\/jpeg\" \/>\n<meta name=\"author\" content=\"rdrwebadm\" \/>\n<meta name=\"twitter:card\" content=\"summary_large_image\" \/>\n<meta name=\"twitter:label1\" content=\"Verfasst von\" \/>\n\t<meta name=\"twitter:data1\" content=\"rdrwebadm\" \/>\n\t<meta name=\"twitter:label2\" content=\"Gesch\u00e4tzte Lesezeit\" \/>\n\t<meta name=\"twitter:data2\" content=\"1\u00a0Minute\" \/>\n<script type=\"application\/ld+json\" class=\"yoast-schema-graph\">{\"@context\":\"https:\/\/schema.org\",\"@graph\":[{\"@type\":\"Article\",\"@id\":\"https:\/\/rettet-das-rosental.de\/index.php\/2022\/03\/06\/bekommt-vaihingen-eine-so-da-seilbahn-verpasst\/#article\",\"isPartOf\":{\"@id\":\"https:\/\/rettet-das-rosental.de\/index.php\/2022\/03\/06\/bekommt-vaihingen-eine-so-da-seilbahn-verpasst\/\"},\"author\":{\"name\":\"rdrwebadm\",\"@id\":\"https:\/\/rettet-das-rosental.de\/#\/schema\/person\/7d3f53573efcb2ae1b370771f986dadb\"},\"headline\":\"Bekommt Vaihingen eine &#8222;So-da-Seilbahn&#8220; verpasst?\",\"datePublished\":\"2022-03-06T11:43:46+00:00\",\"dateModified\":\"2022-03-15T18:57:15+00:00\",\"mainEntityOfPage\":{\"@id\":\"https:\/\/rettet-das-rosental.de\/index.php\/2022\/03\/06\/bekommt-vaihingen-eine-so-da-seilbahn-verpasst\/\"},\"wordCount\":195,\"publisher\":{\"@id\":\"https:\/\/rettet-das-rosental.de\/#organization\"},\"image\":{\"@id\":\"https:\/\/rettet-das-rosental.de\/index.php\/2022\/03\/06\/bekommt-vaihingen-eine-so-da-seilbahn-verpasst\/#primaryimage\"},\"thumbnailUrl\":\"https:\/\/rettet-das-rosental.de\/wp-content\/uploads\/2022\/03\/Soda_Frohlinde.jpg\",\"inLanguage\":\"de\"},{\"@type\":\"WebPage\",\"@id\":\"https:\/\/rettet-das-rosental.de\/index.php\/2022\/03\/06\/bekommt-vaihingen-eine-so-da-seilbahn-verpasst\/\",\"url\":\"https:\/\/rettet-das-rosental.de\/index.php\/2022\/03\/06\/bekommt-vaihingen-eine-so-da-seilbahn-verpasst\/\",\"name\":\"Bekommt Vaihingen eine \\\"So-da-Seilbahn\\\" verpasst? - Rettet das Rosental\",\"isPartOf\":{\"@id\":\"https:\/\/rettet-das-rosental.de\/#website\"},\"primaryImageOfPage\":{\"@id\":\"https:\/\/rettet-das-rosental.de\/index.php\/2022\/03\/06\/bekommt-vaihingen-eine-so-da-seilbahn-verpasst\/#primaryimage\"},\"image\":{\"@id\":\"https:\/\/rettet-das-rosental.de\/index.php\/2022\/03\/06\/bekommt-vaihingen-eine-so-da-seilbahn-verpasst\/#primaryimage\"},\"thumbnailUrl\":\"https:\/\/rettet-das-rosental.de\/wp-content\/uploads\/2022\/03\/Soda_Frohlinde.jpg\",\"datePublished\":\"2022-03-06T11:43:46+00:00\",\"dateModified\":\"2022-03-15T18:57:15+00:00\",\"breadcrumb\":{\"@id\":\"https:\/\/rettet-das-rosental.de\/index.php\/2022\/03\/06\/bekommt-vaihingen-eine-so-da-seilbahn-verpasst\/#breadcrumb\"},\"inLanguage\":\"de\",\"potentialAction\":[{\"@type\":\"ReadAction\",\"target\":[\"https:\/\/rettet-das-rosental.de\/index.php\/2022\/03\/06\/bekommt-vaihingen-eine-so-da-seilbahn-verpasst\/\"]}]},{\"@type\":\"ImageObject\",\"inLanguage\":\"de\",\"@id\":\"https:\/\/rettet-das-rosental.de\/index.php\/2022\/03\/06\/bekommt-vaihingen-eine-so-da-seilbahn-verpasst\/#primaryimage\",\"url\":\"https:\/\/rettet-das-rosental.de\/wp-content\/uploads\/2022\/03\/Soda_Frohlinde.jpg\",\"contentUrl\":\"https:\/\/rettet-das-rosental.de\/wp-content\/uploads\/2022\/03\/Soda_Frohlinde.jpg\",\"width\":1024,\"height\":768},{\"@type\":\"BreadcrumbList\",\"@id\":\"https:\/\/rettet-das-rosental.de\/index.php\/2022\/03\/06\/bekommt-vaihingen-eine-so-da-seilbahn-verpasst\/#breadcrumb\",\"itemListElement\":[{\"@type\":\"ListItem\",\"position\":1,\"name\":\"Startseite\",\"item\":\"https:\/\/rettet-das-rosental.de\/\"},{\"@type\":\"ListItem\",\"position\":2,\"name\":\"Bekommt Vaihingen eine &#8222;So-da-Seilbahn&#8220; verpasst?\"}]},{\"@type\":\"WebSite\",\"@id\":\"https:\/\/rettet-das-rosental.de\/#website\",\"url\":\"https:\/\/rettet-das-rosental.de\/\",\"name\":\"Rettet das Rosental\",\"description\":\"B\u00fcrgerinitiative\",\"publisher\":{\"@id\":\"https:\/\/rettet-das-rosental.de\/#organization\"},\"potentialAction\":[{\"@type\":\"SearchAction\",\"target\":{\"@type\":\"EntryPoint\",\"urlTemplate\":\"https:\/\/rettet-das-rosental.de\/?s={search_term_string}\"},\"query-input\":{\"@type\":\"PropertyValueSpecification\",\"valueRequired\":true,\"valueName\":\"search_term_string\"}}],\"inLanguage\":\"de\"},{\"@type\":\"Organization\",\"@id\":\"https:\/\/rettet-das-rosental.de\/#organization\",\"name\":\"B\u00fcrgerinitiative Rettet das Rosental\",\"url\":\"https:\/\/rettet-das-rosental.de\/\",\"logo\":{\"@type\":\"ImageObject\",\"inLanguage\":\"de\",\"@id\":\"https:\/\/rettet-das-rosental.de\/#\/schema\/logo\/image\/\",\"url\":\"https:\/\/rettet-das-rosental.de\/wp-content\/uploads\/2021\/01\/Weiss_neu_Schriftzug.png\",\"contentUrl\":\"https:\/\/rettet-das-rosental.de\/wp-content\/uploads\/2021\/01\/Weiss_neu_Schriftzug.png\",\"width\":1697,\"height\":95,\"caption\":\"B\u00fcrgerinitiative Rettet das Rosental\"},\"image\":{\"@id\":\"https:\/\/rettet-das-rosental.de\/#\/schema\/logo\/image\/\"}},{\"@type\":\"Person\",\"@id\":\"https:\/\/rettet-das-rosental.de\/#\/schema\/person\/7d3f53573efcb2ae1b370771f986dadb\",\"name\":\"rdrwebadm\",\"sameAs\":[\"https:\/\/rettet-das-rosental.de\"]}]}<\/script>\n<!-- \/ Yoast SEO plugin. -->","yoast_head_json":{"title":"Bekommt Vaihingen eine \"So-da-Seilbahn\" verpasst? - Rettet das Rosental","robots":{"index":"noindex","follow":"follow"},"og_locale":"de_DE","og_type":"article","og_title":"Bekommt Vaihingen eine \"So-da-Seilbahn\" verpasst? - Rettet das Rosental","og_description":"Wenn in Vaihingen eine Seilbahn gebaut werden sollte, dann vor allem darum, weil man hofft, damit das Verkehrsproblem des geplanten Stadtquartiers am sogenannten Eiermann-Areal zu l\u00f6sen. Nachdem in den vergangenen Wochen und Monaten in den Medien immer wieder \u00fcber finanzielle Schwierigkeiten des dort t\u00e4tigen Privatinvestors Consus berichtet wurde, hat ein Fachmann aus dem Kreis der [&hellip;]","og_url":"https:\/\/rettet-das-rosental.de\/index.php\/2022\/03\/06\/bekommt-vaihingen-eine-so-da-seilbahn-verpasst\/","og_site_name":"Rettet das Rosental","article_published_time":"2022-03-06T11:43:46+00:00","article_modified_time":"2022-03-15T18:57:15+00:00","og_image":[{"width":1024,"height":768,"url":"https:\/\/rettet-das-rosental.de\/wp-content\/uploads\/2022\/03\/Soda_Frohlinde.jpg","type":"image\/jpeg"}],"author":"rdrwebadm","twitter_card":"summary_large_image","twitter_misc":{"Verfasst von":"rdrwebadm","Gesch\u00e4tzte Lesezeit":"1\u00a0Minute"},"schema":{"@context":"https:\/\/schema.org","@graph":[{"@type":"Article","@id":"https:\/\/rettet-das-rosental.de\/index.php\/2022\/03\/06\/bekommt-vaihingen-eine-so-da-seilbahn-verpasst\/#article","isPartOf":{"@id":"https:\/\/rettet-das-rosental.de\/index.php\/2022\/03\/06\/bekommt-vaihingen-eine-so-da-seilbahn-verpasst\/"},"author":{"name":"rdrwebadm","@id":"https:\/\/rettet-das-rosental.de\/#\/schema\/person\/7d3f53573efcb2ae1b370771f986dadb"},"headline":"Bekommt Vaihingen eine &#8222;So-da-Seilbahn&#8220; verpasst?","datePublished":"2022-03-06T11:43:46+00:00","dateModified":"2022-03-15T18:57:15+00:00","mainEntityOfPage":{"@id":"https:\/\/rettet-das-rosental.de\/index.php\/2022\/03\/06\/bekommt-vaihingen-eine-so-da-seilbahn-verpasst\/"},"wordCount":195,"publisher":{"@id":"https:\/\/rettet-das-rosental.de\/#organization"},"image":{"@id":"https:\/\/rettet-das-rosental.de\/index.php\/2022\/03\/06\/bekommt-vaihingen-eine-so-da-seilbahn-verpasst\/#primaryimage"},"thumbnailUrl":"https:\/\/rettet-das-rosental.de\/wp-content\/uploads\/2022\/03\/Soda_Frohlinde.jpg","inLanguage":"de"},{"@type":"WebPage","@id":"https:\/\/rettet-das-rosental.de\/index.php\/2022\/03\/06\/bekommt-vaihingen-eine-so-da-seilbahn-verpasst\/","url":"https:\/\/rettet-das-rosental.de\/index.php\/2022\/03\/06\/bekommt-vaihingen-eine-so-da-seilbahn-verpasst\/","name":"Bekommt Vaihingen eine \"So-da-Seilbahn\" verpasst? - Rettet das Rosental","isPartOf":{"@id":"https:\/\/rettet-das-rosental.de\/#website"},"primaryImageOfPage":{"@id":"https:\/\/rettet-das-rosental.de\/index.php\/2022\/03\/06\/bekommt-vaihingen-eine-so-da-seilbahn-verpasst\/#primaryimage"},"image":{"@id":"https:\/\/rettet-das-rosental.de\/index.php\/2022\/03\/06\/bekommt-vaihingen-eine-so-da-seilbahn-verpasst\/#primaryimage"},"thumbnailUrl":"https:\/\/rettet-das-rosental.de\/wp-content\/uploads\/2022\/03\/Soda_Frohlinde.jpg","datePublished":"2022-03-06T11:43:46+00:00","dateModified":"2022-03-15T18:57:15+00:00","breadcrumb":{"@id":"https:\/\/rettet-das-rosental.de\/index.php\/2022\/03\/06\/bekommt-vaihingen-eine-so-da-seilbahn-verpasst\/#breadcrumb"},"inLanguage":"de","potentialAction":[{"@type":"ReadAction","target":["https:\/\/rettet-das-rosental.de\/index.php\/2022\/03\/06\/bekommt-vaihingen-eine-so-da-seilbahn-verpasst\/"]}]},{"@type":"ImageObject","inLanguage":"de","@id":"https:\/\/rettet-das-rosental.de\/index.php\/2022\/03\/06\/bekommt-vaihingen-eine-so-da-seilbahn-verpasst\/#primaryimage","url":"https:\/\/rettet-das-rosental.de\/wp-content\/uploads\/2022\/03\/Soda_Frohlinde.jpg","contentUrl":"https:\/\/rettet-das-rosental.de\/wp-content\/uploads\/2022\/03\/Soda_Frohlinde.jpg","width":1024,"height":768},{"@type":"BreadcrumbList","@id":"https:\/\/rettet-das-rosental.de\/index.php\/2022\/03\/06\/bekommt-vaihingen-eine-so-da-seilbahn-verpasst\/#breadcrumb","itemListElement":[{"@type":"ListItem","position":1,"name":"Startseite","item":"https:\/\/rettet-das-rosental.de\/"},{"@type":"ListItem","position":2,"name":"Bekommt Vaihingen eine &#8222;So-da-Seilbahn&#8220; verpasst?"}]},{"@type":"WebSite","@id":"https:\/\/rettet-das-rosental.de\/#website","url":"https:\/\/rettet-das-rosental.de\/","name":"Rettet das Rosental","description":"B\u00fcrgerinitiative","publisher":{"@id":"https:\/\/rettet-das-rosental.de\/#organization"},"potentialAction":[{"@type":"SearchAction","target":{"@type":"EntryPoint","urlTemplate":"https:\/\/rettet-das-rosental.de\/?s={search_term_string}"},"query-input":{"@type":"PropertyValueSpecification","valueRequired":true,"valueName":"search_term_string"}}],"inLanguage":"de"},{"@type":"Organization","@id":"https:\/\/rettet-das-rosental.de\/#organization","name":"B\u00fcrgerinitiative Rettet das Rosental","url":"https:\/\/rettet-das-rosental.de\/","logo":{"@type":"ImageObject","inLanguage":"de","@id":"https:\/\/rettet-das-rosental.de\/#\/schema\/logo\/image\/","url":"https:\/\/rettet-das-rosental.de\/wp-content\/uploads\/2021\/01\/Weiss_neu_Schriftzug.png","contentUrl":"https:\/\/rettet-das-rosental.de\/wp-content\/uploads\/2021\/01\/Weiss_neu_Schriftzug.png","width":1697,"height":95,"caption":"B\u00fcrgerinitiative Rettet das Rosental"},"image":{"@id":"https:\/\/rettet-das-rosental.de\/#\/schema\/logo\/image\/"}},{"@type":"Person","@id":"https:\/\/rettet-das-rosental.de\/#\/schema\/person\/7d3f53573efcb2ae1b370771f986dadb","name":"rdrwebadm","sameAs":["https:\/\/rettet-das-rosental.de"]}]}},"_links":{"self":[{"href":"https:\/\/rettet-das-rosental.de\/index.php\/wp-json\/wp\/v2\/posts\/3828","targetHints":{"allow":["GET"]}}],"collection":[{"href":"https:\/\/rettet-das-rosental.de\/index.php\/wp-json\/wp\/v2\/posts"}],"about":[{"href":"https:\/\/rettet-das-rosental.de\/index.php\/wp-json\/wp\/v2\/types\/post"}],"author":[{"embeddable":true,"href":"https:\/\/rettet-das-rosental.de\/index.php\/wp-json\/wp\/v2\/users\/1"}],"replies":[{"embeddable":true,"href":"https:\/\/rettet-das-rosental.de\/index.php\/wp-json\/wp\/v2\/comments?post=3828"}],"version-history":[{"count":0,"href":"https:\/\/rettet-das-rosental.de\/index.php\/wp-json\/wp\/v2\/posts\/3828\/revisions"}],"wp:featuredmedia":[{"embeddable":true,"href":"https:\/\/rettet-das-rosental.de\/index.php\/wp-json\/wp\/v2\/media\/3829"}],"wp:attachment":[{"href":"https:\/\/rettet-das-rosental.de\/index.php\/wp-json\/wp\/v2\/media?parent=3828"}],"wp:term":[{"taxonomy":"category","embeddable":true,"href":"https:\/\/rettet-das-rosental.de\/index.php\/wp-json\/wp\/v2\/categories?post=3828"},{"taxonomy":"post_tag","embeddable":true,"href":"https:\/\/rettet-das-rosental.de\/index.php\/wp-json\/wp\/v2\/tags?post=3828"}],"curies":[{"name":"wp","href":"https:\/\/api.w.org\/{rel}","templated":true}]}}